{"id":1457,"date":"2017-04-19T12:04:09","date_gmt":"2017-04-19T10:04:09","guid":{"rendered":"https:\/\/studio-diagonal.de\/wordpress\/?p=1457"},"modified":"2021-05-13T10:25:48","modified_gmt":"2021-05-13T08:25:48","slug":"","status":"publish","type":"post","link":"https:\/\/www.studio-diagonal.de\/en\/garten-und-landschaftsarchitektur\/","title":{"rendered":"Garden - & Landscape Architecture","raw":"Garden - & Landscape Architecture"},"content":{"rendered":"\n<div class=\"wp-block-columns is-layout-flex wp-container-15 wp-block-columns-is-layout-flex\">\n<div class=\"wp-block-column is-layout-flow wp-block-column-is-layout-flow\" style=\"flex-basis:66.66%\">\n<h1 class=\"has-text-align-center wp-block-heading\">Garden &#8211; &amp; Landscape Architecture<\/h1>\n\n\n\n<h2 class=\"wp-block-heading\">The private garden<\/h2>\n\n\n\n<p>\nThe wishes of my clients are the main importance to me. An intensive examination and a common (collective) process underlines my approach to realize the best possible results from each individual project. The designs are as varied as the seasons &#8211; from modern garden dreams, irresistible classics, to light and airy innovations, always with the principle of sustainable design in mind.<\/p>\n<\/div>\n\n\n\n<div class=\"wp-block-column is-layout-flow wp-block-column-is-layout-flow\" style=\"flex-basis:33.33%\"><\/div>\n<\/div>\n\n\n\n<figure class=\"wp-block-image is-style-default\"><img decoding=\"async\" loading=\"lazy\" width=\"1900\" height=\"768\" src=\"https:\/\/www.studio-diagonal.de\/wp-content\/uploads\/2017\/04\/garten-9.jpg\" alt=\"\" class=\"wp-image-1815\" srcset=\"https:\/\/www.studio-diagonal.de\/wp-content\/uploads\/2017\/04\/garten-9.jpg 1900w, https:\/\/www.studio-diagonal.de\/wp-content\/uploads\/2017\/04\/garten-9-300x121.jpg 300w, https:\/\/www.studio-diagonal.de\/wp-content\/uploads\/2017\/04\/garten-9-768x310.jpg 768w, https:\/\/www.studio-diagonal.de\/wp-content\/uploads\/2017\/04\/garten-9-1024x414.jpg 1024w, https:\/\/www.studio-diagonal.de\/wp-content\/uploads\/2017\/04\/garten-9-1140x461.jpg 1140w, https:\/\/www.studio-diagonal.de\/wp-content\/uploads\/2017\/04\/garten-9-552x223.jpg 552w\" sizes=\"(max-width: 1900px) 100vw, 1900px\" \/><\/figure>\n\n\n\n<div class=\"wp-block-columns is-layout-flex wp-container-18 wp-block-columns-is-layout-flex\">\n<div class=\"wp-block-column is-layout-flow wp-block-column-is-layout-flow\" style=\"flex-basis:66.66%\">\n<h2 class=\"wp-block-heading\">The urban garden &#8211; small but unique!<\/h2>\n\n\n\n<p>Space is in short supply nowadays. Nevertheless, it is possible to create a green oasis, a sanctuary within the urban vernacular, a place which makes us want to \u201cstay\u201d. Whether city garden, roof terrace or balcony, I develop garden concepts that meet your needs and that transform the &#8220;smaller&#8221; space into \u201cHome\u201d. <\/p>\n<\/div>\n\n\n\n<div class=\"wp-block-column is-layout-flow wp-block-column-is-layout-flow\" style=\"flex-basis:33.33%\"><\/div>\n<\/div>\n\n\n\n<figure class=\"wp-block-image is-style-default\"><img decoding=\"async\" loading=\"lazy\" width=\"1900\" height=\"768\" src=\"https:\/\/www.studio-diagonal.de\/wp-content\/uploads\/2017\/04\/1-Garten.jpg\" alt=\"\" class=\"wp-image-1762\" srcset=\"https:\/\/www.studio-diagonal.de\/wp-content\/uploads\/2017\/04\/1-Garten.jpg 1900w, https:\/\/www.studio-diagonal.de\/wp-content\/uploads\/2017\/04\/1-Garten-300x121.jpg 300w, https:\/\/www.studio-diagonal.de\/wp-content\/uploads\/2017\/04\/1-Garten-768x310.jpg 768w, https:\/\/www.studio-diagonal.de\/wp-content\/uploads\/2017\/04\/1-Garten-1024x414.jpg 1024w, https:\/\/www.studio-diagonal.de\/wp-content\/uploads\/2017\/04\/1-Garten-1140x461.jpg 1140w, https:\/\/www.studio-diagonal.de\/wp-content\/uploads\/2017\/04\/1-Garten-552x223.jpg 552w\" sizes=\"(max-width: 1900px) 100vw, 1900px\" \/><\/figure>\n\n\n\n<div class=\"wp-block-columns is-layout-flex wp-container-21 wp-block-columns-is-layout-flex\">\n<div class=\"wp-block-column is-layout-flow wp-block-column-is-layout-flow\" style=\"flex-basis:66.66%\">\n<h2 class=\"wp-block-heading\">Public spaces<\/h2>\n\n\n\n<p>I design public spaces of all kinds, from urban spaces such as squares, parks and sport facilities, to representative company headquarters. I believe it is important to develop designs that meet functional requirements and at the same time, can be integrated into an overall aesthetic concept.<\/p>\n<\/div>\n\n\n\n<div class=\"wp-block-column is-layout-flow wp-block-column-is-layout-flow\" style=\"flex-basis:33.33%\"><\/div>\n<\/div>\n\n\n\n<figure class=\"wp-block-image is-style-default\"><img decoding=\"async\" src=\"https:\/\/www.studio-diagonal.de\/wp-content\/uploads\/2017\/03\/1-Kinder.jpg\" alt=\"\" class=\"wp-image-1172\"\/><\/figure>\n\n\n\n<p><\/p>\n","protected":false,"raw":"<!-- wp:columns -->\n<div class=\"wp-block-columns\"><!-- wp:column {\"width\":\"66.66%\"} -->\n<div class=\"wp-block-column\" style=\"flex-basis:66.66%\"><!-- wp:heading {\"textAlign\":\"center\",\"level\":1} -->\n<h1 class=\"has-text-align-center\">Garden - &amp; Landscape Architecture<\/h1>\n<!-- \/wp:heading -->\n\n<!-- wp:heading -->\n<h2>The private garden<\/h2>\n<!-- \/wp:heading -->\n\n<!-- wp:paragraph -->\n<p>\nThe wishes of my clients are the main importance to me. An intensive examination and a common (collective) process underlines my approach to realize the best possible results from each individual project. The designs are as varied as the seasons - from modern garden dreams, irresistible classics, to light and airy innovations, always with the principle of sustainable design in mind.<\/p>\n<!-- \/wp:paragraph --><\/div>\n<!-- \/wp:column -->\n\n<!-- wp:column {\"width\":\"33.33%\"} -->\n<div class=\"wp-block-column\" style=\"flex-basis:33.33%\"><\/div>\n<!-- \/wp:column --><\/div>\n<!-- \/wp:columns -->\n\n<!-- wp:image {\"id\":1815,\"className\":\"is-style-default\"} -->\n<figure class=\"wp-block-image is-style-default\"><img src=\"https:\/\/www.studio-diagonal.de\/wp-content\/uploads\/2017\/04\/garten-9.jpg\" alt=\"\" class=\"wp-image-1815\"\/><\/figure>\n<!-- \/wp:image -->\n\n<!-- wp:columns -->\n<div class=\"wp-block-columns\"><!-- wp:column {\"width\":\"66.66%\"} -->\n<div class=\"wp-block-column\" style=\"flex-basis:66.66%\"><!-- wp:heading -->\n<h2>The urban garden - small but unique!<\/h2>\n<!-- \/wp:heading -->\n\n<!-- wp:paragraph -->\n<p>Space is in short supply nowadays. Nevertheless, it is possible to create a green oasis, a sanctuary within the urban vernacular, a place which makes us want to \u201cstay\u201d. Whether city garden, roof terrace or balcony, I develop garden concepts that meet your needs and that transform the \"smaller\" space into \u201cHome\u201d. <\/p>\n<!-- \/wp:paragraph --><\/div>\n<!-- \/wp:column -->\n\n<!-- wp:column {\"width\":\"33.33%\"} -->\n<div class=\"wp-block-column\" style=\"flex-basis:33.33%\"><\/div>\n<!-- \/wp:column --><\/div>\n<!-- \/wp:columns -->\n\n<!-- wp:image {\"id\":1762,\"className\":\"is-style-default\"} -->\n<figure class=\"wp-block-image is-style-default\"><img src=\"https:\/\/www.studio-diagonal.de\/wp-content\/uploads\/2017\/04\/1-Garten.jpg\" alt=\"\" class=\"wp-image-1762\"\/><\/figure>\n<!-- \/wp:image -->\n\n<!-- wp:columns -->\n<div class=\"wp-block-columns\"><!-- wp:column {\"width\":\"66.66%\"} -->\n<div class=\"wp-block-column\" style=\"flex-basis:66.66%\"><!-- wp:heading -->\n<h2>Public spaces<\/h2>\n<!-- \/wp:heading -->\n\n<!-- wp:paragraph -->\n<p>I design public spaces of all kinds, from urban spaces such as squares, parks and sport facilities, to representative company headquarters. I believe it is important to develop designs that meet functional requirements and at the same time, can be integrated into an overall aesthetic concept.<\/p>\n<!-- \/wp:paragraph --><\/div>\n<!-- \/wp:column -->\n\n<!-- wp:column {\"width\":\"33.33%\"} -->\n<div class=\"wp-block-column\" style=\"flex-basis:33.33%\"><\/div>\n<!-- \/wp:column --><\/div>\n<!-- \/wp:columns -->\n\n<!-- wp:image {\"id\":1172,\"className\":\"is-style-default\"} -->\n<figure class=\"wp-block-image is-style-default\"><img src=\"https:\/\/www.studio-diagonal.de\/wp-content\/uploads\/2017\/03\/1-Kinder.jpg\" alt=\"\" class=\"wp-image-1172\"\/><\/figure>\n<!-- \/wp:image -->\n\n<!-- wp:paragraph -->\n<p><\/p>\n<!-- \/wp:paragraph -->"},"excerpt":{"rendered":"","protected":false,"raw":""},"author":2,"featured_media":1768,"comment_status":"open","ping_status":"open","sticky":false,"template":"","format":"standard","meta":{"_de_post_content":"<!-- wp:columns -->\n<div class=\"wp-block-columns\"><!-- wp:column {\"width\":\"66.66%\"} -->\n<div class=\"wp-block-column\" style=\"flex-basis:66.66%\"><!-- wp:heading {\"level\":1} -->\n<h1>Garten- und Landschaftsarchitektur<\/h1>\n<!-- \/wp:heading -->\n\n<!-- wp:heading -->\n<h2>Der Privatgarten<\/h2>\n<!-- \/wp:heading -->\n\n<!-- wp:paragraph -->\n<p>Die W\u00fcnsche meiner Auftraggeber sind mir wichtig. Eine intensive Auseinandersetzung und ein gemeinsamer Prozess unterstreichen meinen Ansatz, aus jedem individuellen Projekt das Bestm\u00f6gliche zu verwirklichen. Dabei sind die Entw\u00fcrfe vielseitig wie die Jahreszeiten \u2013 von modernen Gartentr\u00e4umen, unwiderstehlichen Klassikern, bis hin zu luftig leichten Innovationen, mit dem Grundsatz einer nachhaltigen Gestaltung aber immer im Auge.<\/p>\n<!-- \/wp:paragraph --><\/div>\n<!-- \/wp:column -->\n\n<!-- wp:column {\"width\":\"33.33%\"} -->\n<div class=\"wp-block-column\" style=\"flex-basis:33.33%\"><\/div>\n<!-- \/wp:column --><\/div>\n<!-- \/wp:columns -->\n\n<!-- wp:image {\"id\":1815,\"className\":\"is-style-default\"} -->\n<figure class=\"wp-block-image is-style-default\"><img src=\"https:\/\/www.studio-diagonal.de\/wp-content\/uploads\/2017\/04\/garten-9.jpg\" alt=\"\" class=\"wp-image-1815\"\/><\/figure>\n<!-- \/wp:image -->\n\n<!-- wp:columns -->\n<div class=\"wp-block-columns\"><!-- wp:column {\"width\":\"66.66%\"} -->\n<div class=\"wp-block-column\" style=\"flex-basis:66.66%\"><!-- wp:heading -->\n<h2>Der Stadtgarten \u2013 klein aber oho!<\/h2>\n<!-- \/wp:heading -->\n\n<!-- wp:paragraph -->\n<p>Platz ist heutzutage rar. Trotzdem ist es m\u00f6glich auch im hoch verdichteten urbanen Raum, gr\u00fcne Oasen mit einer besonderen Aufenthaltsqualit\u00e4t zu schaffen. Ob Stadtgarten, Dachterrasse oder Balkon, ich erarbeite Gartenkonzepte, die Ihren Bed\u00fcrfnissen entsprechen und die jeden \u201ekleinen\u201c Raum zu Ihrem ganz pers\u00f6nlichen Gartenerlebniss machen.<\/p>\n<!-- \/wp:paragraph --><\/div>\n<!-- \/wp:column -->\n\n<!-- wp:column {\"width\":\"33.33%\"} -->\n<div class=\"wp-block-column\" style=\"flex-basis:33.33%\"><\/div>\n<!-- \/wp:column --><\/div>\n<!-- \/wp:columns -->\n\n<!-- wp:image {\"id\":1762,\"className\":\"is-style-default\"} -->\n<figure class=\"wp-block-image is-style-default\"><img src=\"https:\/\/www.studio-diagonal.de\/wp-content\/uploads\/2017\/04\/1-Garten.jpg\" alt=\"\" class=\"wp-image-1762\"\/><\/figure>\n<!-- \/wp:image -->\n\n<!-- wp:columns -->\n<div class=\"wp-block-columns\"><!-- wp:column {\"width\":\"66.66%\"} -->\n<div class=\"wp-block-column\" style=\"flex-basis:66.66%\"><!-- wp:heading -->\n<h2>\u00d6ffentliche Anlagen<\/h2>\n<!-- \/wp:heading -->\n\n<!-- wp:paragraph -->\n<p>Ich gestalte Au\u00dfenanlagen aller Art, von st\u00e4dtischen R\u00e4umen wie Pl\u00e4tzen, Park- und Sportanlagen, bis hin zum repr\u00e4sentativen Firmensitz. Besonderen Wert lege ich darauf, Entw\u00fcrfe zu entwickeln, die den funktionalen Anspr\u00fcchen entsprechen und gleichzeitig in ein \u00e4sthetisches Gesamtkonzept integriert werden k\u00f6nnen.<\/p>\n<!-- \/wp:paragraph --><\/div>\n<!-- \/wp:column -->\n\n<!-- wp:column {\"width\":\"33.33%\"} -->\n<div class=\"wp-block-column\" style=\"flex-basis:33.33%\"><\/div>\n<!-- \/wp:column --><\/div>\n<!-- \/wp:columns -->\n\n<!-- wp:image {\"id\":1172,\"className\":\"is-style-default\"} -->\n<figure class=\"wp-block-image is-style-default\"><img src=\"https:\/\/www.studio-diagonal.de\/wp-content\/uploads\/2017\/03\/1-Kinder.jpg\" alt=\"\" class=\"wp-image-1172\"\/><\/figure>\n<!-- \/wp:image -->","_de_post_name":"garten-und-landschaftsarchitektur","_de_post_excerpt":"","_de_post_title":"Garten- und Landschaftsarchitektur","_en_post_content":"<!-- wp:columns -->\n<div class=\"wp-block-columns\"><!-- wp:column {\"width\":\"66.66%\"} -->\n<div class=\"wp-block-column\" style=\"flex-basis:66.66%\"><!-- wp:heading {\"textAlign\":\"center\",\"level\":1} -->\n<h1 class=\"has-text-align-center\">Garden - &amp; Landscape Architecture<\/h1>\n<!-- \/wp:heading -->\n\n<!-- wp:heading -->\n<h2>The private garden<\/h2>\n<!-- \/wp:heading -->\n\n<!-- wp:paragraph -->\n<p>\nThe wishes of my clients are the main importance to me. An intensive examination and a common (collective) process underlines my approach to realize the best possible results from each individual project. The designs are as varied as the seasons - from modern garden dreams, irresistible classics, to light and airy innovations, always with the principle of sustainable design in mind.<\/p>\n<!-- \/wp:paragraph --><\/div>\n<!-- \/wp:column -->\n\n<!-- wp:column {\"width\":\"33.33%\"} -->\n<div class=\"wp-block-column\" style=\"flex-basis:33.33%\"><\/div>\n<!-- \/wp:column --><\/div>\n<!-- \/wp:columns -->\n\n<!-- wp:image {\"id\":1815,\"className\":\"is-style-default\"} -->\n<figure class=\"wp-block-image is-style-default\"><img src=\"https:\/\/www.studio-diagonal.de\/wp-content\/uploads\/2017\/04\/garten-9.jpg\" alt=\"\" class=\"wp-image-1815\"\/><\/figure>\n<!-- \/wp:image -->\n\n<!-- wp:columns -->\n<div class=\"wp-block-columns\"><!-- wp:column {\"width\":\"66.66%\"} -->\n<div class=\"wp-block-column\" style=\"flex-basis:66.66%\"><!-- wp:heading -->\n<h2>The urban garden - small but unique!<\/h2>\n<!-- \/wp:heading -->\n\n<!-- wp:paragraph -->\n<p>Space is in short supply nowadays. Nevertheless, it is possible to create a green oasis, a sanctuary within the urban vernacular, a place which makes us want to \u201cstay\u201d. Whether city garden, roof terrace or balcony, I develop garden concepts that meet your needs and that transform the \"smaller\" space into \u201cHome\u201d. <\/p>\n<!-- \/wp:paragraph --><\/div>\n<!-- \/wp:column -->\n\n<!-- wp:column {\"width\":\"33.33%\"} -->\n<div class=\"wp-block-column\" style=\"flex-basis:33.33%\"><\/div>\n<!-- \/wp:column --><\/div>\n<!-- \/wp:columns -->\n\n<!-- wp:image {\"id\":1762,\"className\":\"is-style-default\"} -->\n<figure class=\"wp-block-image is-style-default\"><img src=\"https:\/\/www.studio-diagonal.de\/wp-content\/uploads\/2017\/04\/1-Garten.jpg\" alt=\"\" class=\"wp-image-1762\"\/><\/figure>\n<!-- \/wp:image -->\n\n<!-- wp:columns -->\n<div class=\"wp-block-columns\"><!-- wp:column {\"width\":\"66.66%\"} -->\n<div class=\"wp-block-column\" style=\"flex-basis:66.66%\"><!-- wp:heading -->\n<h2>Public spaces<\/h2>\n<!-- \/wp:heading -->\n\n<!-- wp:paragraph -->\n<p>I design public spaces of all kinds, from urban spaces such as squares, parks and sport facilities, to representative company headquarters. I believe it is important to develop designs that meet functional requirements and at the same time, can be integrated into an overall aesthetic concept.<\/p>\n<!-- \/wp:paragraph --><\/div>\n<!-- \/wp:column -->\n\n<!-- wp:column {\"width\":\"33.33%\"} -->\n<div class=\"wp-block-column\" style=\"flex-basis:33.33%\"><\/div>\n<!-- \/wp:column --><\/div>\n<!-- \/wp:columns -->\n\n<!-- wp:image {\"id\":1172,\"className\":\"is-style-default\"} -->\n<figure class=\"wp-block-image is-style-default\"><img src=\"https:\/\/www.studio-diagonal.de\/wp-content\/uploads\/2017\/03\/1-Kinder.jpg\" alt=\"\" class=\"wp-image-1172\"\/><\/figure>\n<!-- \/wp:image -->\n\n<!-- wp:paragraph -->\n<p><\/p>\n<!-- \/wp:paragraph -->","_en_post_name":"","_en_post_excerpt":"","_en_post_title":"Garden - & Landscape Architecture","edit_language":"en","footnotes":""},"categories":[14],"tags":[29,28,30,27],"_links":{"self":[{"href":"https:\/\/www.studio-diagonal.de\/en\/wp-json\/wp\/v2\/posts\/1457"}],"collection":[{"href":"https:\/\/www.studio-diagonal.de\/en\/wp-json\/wp\/v2\/posts"}],"about":[{"href":"https:\/\/www.studio-diagonal.de\/en\/wp-json\/wp\/v2\/types\/post"}],"author":[{"embeddable":true,"href":"https:\/\/www.studio-diagonal.de\/en\/wp-json\/wp\/v2\/users\/2"}],"replies":[{"embeddable":true,"href":"https:\/\/www.studio-diagonal.de\/en\/wp-json\/wp\/v2\/comments?post=1457"}],"version-history":[{"count":0,"href":"https:\/\/www.studio-diagonal.de\/en\/wp-json\/wp\/v2\/posts\/1457\/revisions"}],"wp:featuredmedia":[{"embeddable":true,"href":"https:\/\/www.studio-diagonal.de\/en\/wp-json\/wp\/v2\/media\/1768"}],"wp:attachment":[{"href":"https:\/\/www.studio-diagonal.de\/en\/wp-json\/wp\/v2\/media?parent=1457"}],"wp:term":[{"taxonomy":"category","embeddable":true,"href":"https:\/\/www.studio-diagonal.de\/en\/wp-json\/wp\/v2\/categories?post=1457"},{"taxonomy":"post_tag","embeddable":true,"href":"https:\/\/www.studio-diagonal.de\/en\/wp-json\/wp\/v2\/tags?post=1457"}],"curies":[{"name":"wp","href":"https:\/\/api.w.org\/{rel}","templated":true}]}}