{"id":1682,"date":"2016-04-23T15:51:14","date_gmt":"2016-04-23T13:51:14","guid":{"rendered":"https:\/\/studio-diagonal.de\/wordpress\/?p=1682"},"modified":"2021-05-03T11:59:20","modified_gmt":"2021-05-03T09:59:20","slug":"","status":"publish","type":"post","link":"https:\/\/www.studio-diagonal.de\/en\/die-landschaftsarchitektin\/","title":{"rendered":"Landscape Architect","raw":"Landscape Architect"},"content":{"rendered":"\n<div class=\"wp-block-columns is-layout-flex wp-container-11 wp-block-columns-is-layout-flex\">\n<div class=\"wp-block-column is-layout-flow wp-block-column-is-layout-flow\" style=\"flex-basis:66.66%\">\n<h1 class=\"wp-block-heading\">Landscape Architect<\/h1>\n\n\n\n<h2 class=\"wp-block-heading\">Vita &#8230;<\/h2>\n\n\n\n<p><\/p>\n\n\n\n<p>The love for nature and design was given to me by my artistic family and has since then developed over the years. I have deepened this enthusiasm for landscape and architecture at international universities in England and Austria and further study stays in France and Ireland. Thus I have combined my studies of landscape architecture with my fable for languages.<\/p>\n\n\n\n<p>After my graduation as a landscape architect (dipl.-Ing.) my professional career brought me back home. Here I gained further experience in renowned offices like Berchtold.Lenzin in Zurich and GARTEN-MOSER in Reutlingen.<\/p>\n\n\n\n<p>The projects I worked on were of various dimensions and topics and dealt with urban planning issues, such as the development of an open space concept for a new master plan area, the preparation of building applications for housing projects, interdisciplinary realization competitions, up to the design and construction supervision of private gardens. Cooperation projects such as the &#8220;Lebensphasenhaus&#8221; in T\u00fcbingen, which deals with the topic of age-appropriate garden design and Smart Garden, as well as the organization of garden days with the topic of garden design in combination with sculpture and painting, expanded my experience and were part of my field of activity. With my admission to the Chamber of Architects (Baden-W\u00fcrttemberg) in 2016, the foundations for my independence were laid.<\/p>\n\n\n\n<p>And HERE I AM!<\/p>\n<\/div>\n\n\n\n<div class=\"wp-block-column is-layout-flow wp-block-column-is-layout-flow\" style=\"flex-basis:33.33%\"><\/div>\n<\/div>\n\n\n\n<div class=\"wp-block-columns is-layout-flex wp-container-14 wp-block-columns-is-layout-flex\">\n<div class=\"wp-block-column is-layout-flow wp-block-column-is-layout-flow\" style=\"flex-basis:66.66%\">\n<figure class=\"wp-block-image size-large is-style-default\"><img decoding=\"async\" loading=\"lazy\" width=\"768\" height=\"512\" src=\"https:\/\/dev.studio-diagonal.de\/wp-content\/uploads\/2016\/04\/sarah-richter_kl2.jpg\" alt=\"Landschaftsarchitektin Sarah Richter\" class=\"wp-image-3015\" srcset=\"https:\/\/www.studio-diagonal.de\/wp-content\/uploads\/2016\/04\/sarah-richter_kl2.jpg 768w, https:\/\/www.studio-diagonal.de\/wp-content\/uploads\/2016\/04\/sarah-richter_kl2-300x200.jpg 300w, https:\/\/www.studio-diagonal.de\/wp-content\/uploads\/2016\/04\/sarah-richter_kl2-552x368.jpg 552w\" sizes=\"(max-width: 768px) 100vw, 768px\" \/><\/figure>\n\n\n\n<div style=\"height:50px\" aria-hidden=\"true\" class=\"wp-block-spacer\"><\/div>\n\n\n\n<h1 class=\"wp-block-heading\">Philosophy &#8230;<\/h1>\n\n\n\n<p>To be vivid. Gardens live from textures, structures, colors and shapes. Strong lines, romantic places and moods, enchanted or modern.<\/p>\n\n\n\n<p>Garden and landscape architecture should enhance everyday life, form connections and show flexibility for what is there and what is to become. It offers variety and creates places where people come to rest, play, meet or become enchanted.<\/p>\n\n\n\n<p>Impressive designs, such as the Jewish Museum in Berlin, a building that allows history to be experienced in the flesh, or the Igualada Cemetery in Spain, by architect Enric Miralles, who, despite the presence of death, catches the loved one, have led me into another world that makes me forget everything else. For me, these models are wonderful examples of successful architecture.<\/p>\n\n\n\n<p>Places are telling stories and the important thing is to understand these stories and to tell them further&#8230;<\/p>\n\n\n\n<p>Selected projects can be found under: <a href=\"https:\/\/www.studio-diagonal.de\/en\/portfolio\/\">Portfolio<\/a><\/p>\n<\/div>\n\n\n\n<div class=\"wp-block-column is-layout-flow wp-block-column-is-layout-flow\" style=\"flex-basis:33.33%\"><\/div>\n<\/div>\n","protected":false,"raw":"<!-- wp:columns -->\n<div class=\"wp-block-columns\"><!-- wp:column {\"width\":\"66.66%\"} -->\n<div class=\"wp-block-column\" style=\"flex-basis:66.66%\"><!-- wp:heading {\"level\":1} -->\n<h1>Landscape Architect<\/h1>\n<!-- \/wp:heading -->\n\n<!-- wp:heading -->\n<h2>Vita ...<\/h2>\n<!-- \/wp:heading -->\n\n<!-- wp:paragraph -->\n<p><\/p>\n<!-- \/wp:paragraph -->\n\n<!-- wp:paragraph -->\n<p>The love for nature and design was given to me by my artistic family and has since then developed over the years. I have deepened this enthusiasm for landscape and architecture at international universities in England and Austria and further study stays in France and Ireland. Thus I have combined my studies of landscape architecture with my fable for languages.<\/p>\n<!-- \/wp:paragraph -->\n\n<!-- wp:paragraph -->\n<p>After my graduation as a landscape architect (dipl.-Ing.) my professional career brought me back home. Here I gained further experience in renowned offices like Berchtold.Lenzin in Zurich and GARTEN-MOSER in Reutlingen.<\/p>\n<!-- \/wp:paragraph -->\n\n<!-- wp:paragraph -->\n<p>The projects I worked on were of various dimensions and topics and dealt with urban planning issues, such as the development of an open space concept for a new master plan area, the preparation of building applications for housing projects, interdisciplinary realization competitions, up to the design and construction supervision of private gardens. Cooperation projects such as the \"Lebensphasenhaus\" in T\u00fcbingen, which deals with the topic of age-appropriate garden design and Smart Garden, as well as the organization of garden days with the topic of garden design in combination with sculpture and painting, expanded my experience and were part of my field of activity. With my admission to the Chamber of Architects (Baden-W\u00fcrttemberg) in 2016, the foundations for my independence were laid.<\/p>\n<!-- \/wp:paragraph -->\n\n<!-- wp:paragraph -->\n<p>And HERE I AM!<\/p>\n<!-- \/wp:paragraph --><\/div>\n<!-- \/wp:column -->\n\n<!-- wp:column {\"width\":\"33.33%\"} -->\n<div class=\"wp-block-column\" style=\"flex-basis:33.33%\"><\/div>\n<!-- \/wp:column --><\/div>\n<!-- \/wp:columns -->\n\n<!-- wp:columns -->\n<div class=\"wp-block-columns\"><!-- wp:column {\"width\":\"66.66%\"} -->\n<div class=\"wp-block-column\" style=\"flex-basis:66.66%\"><!-- wp:image {\"id\":3015,\"sizeSlug\":\"large\",\"linkDestination\":\"none\",\"className\":\"is-style-default\"} -->\n<figure class=\"wp-block-image size-large is-style-default\"><img src=\"https:\/\/dev.studio-diagonal.de\/wp-content\/uploads\/2016\/04\/sarah-richter_kl2.jpg\" alt=\"Landschaftsarchitektin Sarah Richter\" class=\"wp-image-3015\"\/><\/figure>\n<!-- \/wp:image -->\n\n<!-- wp:spacer {\"height\":50} -->\n<div style=\"height:50px\" aria-hidden=\"true\" class=\"wp-block-spacer\"><\/div>\n<!-- \/wp:spacer -->\n\n<!-- wp:heading {\"level\":1} -->\n<h1>Philosophy ...<\/h1>\n<!-- \/wp:heading -->\n\n<!-- wp:paragraph -->\n<p>To be vivid. Gardens live from textures, structures, colors and shapes. Strong lines, romantic places and moods, enchanted or modern.<\/p>\n<!-- \/wp:paragraph -->\n\n<!-- wp:paragraph -->\n<p>Garden and landscape architecture should enhance everyday life, form connections and show flexibility for what is there and what is to become. It offers variety and creates places where people come to rest, play, meet or become enchanted.<\/p>\n<!-- \/wp:paragraph -->\n\n<!-- wp:paragraph -->\n<p>Impressive designs, such as the Jewish Museum in Berlin, a building that allows history to be experienced in the flesh, or the Igualada Cemetery in Spain, by architect Enric Miralles, who, despite the presence of death, catches the loved one, have led me into another world that makes me forget everything else. For me, these models are wonderful examples of successful architecture.<\/p>\n<!-- \/wp:paragraph -->\n\n<!-- wp:paragraph -->\n<p>Places are telling stories and the important thing is to understand these stories and to tell them further...<\/p>\n<!-- \/wp:paragraph -->\n\n<!-- wp:paragraph -->\n<p>Selected projects can be found under: <a href=\"https:\/\/www.studio-diagonal.de\/en\/portfolio\/\">Portfolio<\/a><\/p>\n<!-- \/wp:paragraph --><\/div>\n<!-- \/wp:column -->\n\n<!-- wp:column {\"width\":\"33.33%\"} -->\n<div class=\"wp-block-column\" style=\"flex-basis:33.33%\"><\/div>\n<!-- \/wp:column --><\/div>\n<!-- \/wp:columns -->"},"excerpt":{"rendered":"","protected":false,"raw":""},"author":2,"featured_media":3015,"comment_status":"open","ping_status":"open","sticky":false,"template":"","format":"standard","meta":{"_de_post_content":"<!-- wp:columns -->\n<div class=\"wp-block-columns\"><!-- wp:column {\"width\":\"66.66%\"} -->\n<div class=\"wp-block-column\" style=\"flex-basis:66.66%\"><!-- wp:heading {\"level\":1} -->\n<h1>Die Landschaftsarchitektin<\/h1>\n<!-- \/wp:heading -->\n\n<!-- wp:heading -->\n<h2>Vita ...<\/h2>\n<!-- \/wp:heading -->\n\n<!-- wp:paragraph -->\n<p><\/p>\n<!-- \/wp:paragraph -->\n\n<!-- wp:paragraph -->\n<p>Die Liebe zur Natur und zur Gestaltung wurde mir von meiner k\u00fcnstlerischen Familie in die Wiege gelegt und hat sich im Laufe der Jahre immer weiter entwickelt. Diese Begeisterung f\u00fcr Landschaft und Architektur habe ich auf internationalen Universit\u00e4ten in England und Wien und weiteren Studienaufenthalten in Frankreich und Irland vertieft und das Studium der Landschaftsarchitektur mit meinem Fabel f\u00fcr Sprachen verbunden.<\/p>\n<!-- \/wp:paragraph -->\n\n<!-- wp:paragraph -->\n<p>Nach meinem Abschluss als Dipl.Ing. Landschaftsarchitektur hat mich mein beruflicher Werdegang wieder in die Heimat gef\u00fchrt. Hier habe ich in renommierten B\u00fcros wie Berchtold.Lenzin in Z\u00fcrich und GARTEN-MOSER in Reutlingen weitere Erfahrungen gesammelt.<\/p>\n<!-- \/wp:paragraph -->\n\n<!-- wp:paragraph -->\n<p>Die bearbeiteten Projekte waren von unterschiedlichster Dimension und Thematik und behandelten stadtplanerische Themen, wie die Erarbeitung eines Freiraumkonzeptes f\u00fcr ein neues Masterplangebiet, die Ausarbeitung von Baueingaben f\u00fcr Wohnbauprojekte, interdisziplin\u00e4re Realisierungswettbewerbe, bis hin zur Gestaltung und Baubegleitung von Privatg\u00e4rten. Kooperationsprojekte wie das Lebensphasenhaus in T\u00fcbingen, das sich mit dem Thema der altersgerechten Gartengestaltung und dem Smart Garden auseinandersetzt, als auch die Organisation von Gartentagen zum Thema Gartengestaltung in Kombination mit Skulptur und Malerei, erweiterten meine Erfahrungen und geh\u00f6rten au\u00dferdem zu meinem Aufgabenbereich. Mit der Aufnahme in die Architektenkammer BW wurden 2016 dann die Weichen f\u00fcr meine Selbstst\u00e4ndigkeit gestellt.<\/p>\n<!-- \/wp:paragraph -->\n\n<!-- wp:paragraph -->\n<p>Und HERE I AM!<\/p>\n<!-- \/wp:paragraph --><\/div>\n<!-- \/wp:column -->\n\n<!-- wp:column {\"width\":\"33.33%\"} -->\n<div class=\"wp-block-column\" style=\"flex-basis:33.33%\"><\/div>\n<!-- \/wp:column --><\/div>\n<!-- \/wp:columns -->\n\n<!-- wp:columns -->\n<div class=\"wp-block-columns\"><!-- wp:column {\"width\":\"66.66%\"} -->\n<div class=\"wp-block-column\" style=\"flex-basis:66.66%\"><!-- wp:image {\"id\":3015,\"sizeSlug\":\"large\",\"linkDestination\":\"none\",\"className\":\"is-style-default\"} -->\n<figure class=\"wp-block-image size-large is-style-default\"><img src=\"https:\/\/dev.studio-diagonal.de\/wp-content\/uploads\/2016\/04\/sarah-richter_kl2.jpg\" alt=\"Landschaftsarchitektin Sarah H\u00e4nsch\" class=\"wp-image-3015\"\/><\/figure>\n<!-- \/wp:image -->\n\n<!-- wp:spacer {\"height\":50} -->\n<div style=\"height:50px\" aria-hidden=\"true\" class=\"wp-block-spacer\"><\/div>\n<!-- \/wp:spacer -->\n\n<!-- wp:heading {\"level\":1} -->\n<h1>Philosophie ...<\/h1>\n<!-- \/wp:heading -->\n\n<!-- wp:paragraph -->\n<p>Lebendig sein. G\u00e4rten leben von Texturen, Strukturen, Farben und Formen. Starke Linien, romantische Orte und Stimmungen, verwunschen oder modern.<\/p>\n<!-- \/wp:paragraph -->\n\n<!-- wp:paragraph -->\n<p>Garten - und Landschaftsarchitektur soll den Alltag aufwerten, Verbindungen bilden und Flexibilit\u00e4t zeigen f\u00fcr das, was da ist und das, was werden soll. Sie bietet Abwechslung und l\u00e4sst Orte entstehen, in denen der Mensch zur Ruhe kommt, spielt, sich begegnet oder verzaubert wird.<\/p>\n<!-- \/wp:paragraph -->\n\n<!-- wp:paragraph -->\n<p>Eindr\u00fcckliche Gestaltungen, wie das J\u00fcdische Museum in Berlin, ein Geb\u00e4ude, das Geschichte leibhaftig erleben l\u00e4sst, oder auch der Igualada Cemetery in Spanien, des Architekten Enric Miralles, der trotz der Gegenwart des Todes den Angeh\u00f6rigen auff\u00e4ngt, haben mich in eine andere Welt gef\u00fchrt, die alles andere vergessen l\u00e4sst. Diese Vorbilder sind f\u00fcr mich wundervolle Beispiele f\u00fcr gelungene Architektur.<\/p>\n<!-- \/wp:paragraph -->\n\n<!-- wp:paragraph -->\n<p>Orte erz\u00e4hlen Geschichten und das Wichtige ist, diese Geschichten zu begreifen und weiter zu erz\u00e4hlen...<\/p>\n<!-- \/wp:paragraph -->\n\n<!-- wp:paragraph -->\n<p>Ausgew\u00e4hlte Projekte finden sie unter : <a href=\"https:\/\/www.studio-diagonal.de\/portfolio\/\">Portfolio<\/a><\/p>\n<!-- \/wp:paragraph --><\/div>\n<!-- \/wp:column -->\n\n<!-- wp:column {\"width\":\"33.33%\"} -->\n<div class=\"wp-block-column\" style=\"flex-basis:33.33%\"><\/div>\n<!-- \/wp:column --><\/div>\n<!-- \/wp:columns -->","_de_post_name":"die-landschaftsarchitektin","_de_post_excerpt":"","_de_post_title":"Die Landschaftsarchitektin","_en_post_content":"<!-- wp:columns -->\n<div class=\"wp-block-columns\"><!-- wp:column {\"width\":\"66.66%\"} -->\n<div class=\"wp-block-column\" style=\"flex-basis:66.66%\"><!-- wp:heading {\"level\":1} -->\n<h1>Landscape Architect<\/h1>\n<!-- \/wp:heading -->\n\n<!-- wp:heading -->\n<h2>Vita ...<\/h2>\n<!-- \/wp:heading -->\n\n<!-- wp:paragraph -->\n<p><\/p>\n<!-- \/wp:paragraph -->\n\n<!-- wp:paragraph -->\n<p>The love for nature and design was given to me by my artistic family and has since then developed over the years. I have deepened this enthusiasm for landscape and architecture at international universities in England and Austria and further study stays in France and Ireland. Thus I have combined my studies of landscape architecture with my fable for languages.<\/p>\n<!-- \/wp:paragraph -->\n\n<!-- wp:paragraph -->\n<p>After my graduation as a landscape architect (dipl.-Ing.) my professional career brought me back home. Here I gained further experience in renowned offices like Berchtold.Lenzin in Zurich and GARTEN-MOSER in Reutlingen.<\/p>\n<!-- \/wp:paragraph -->\n\n<!-- wp:paragraph -->\n<p>The projects I worked on were of various dimensions and topics and dealt with urban planning issues, such as the development of an open space concept for a new master plan area, the preparation of building applications for housing projects, interdisciplinary realization competitions, up to the design and construction supervision of private gardens. Cooperation projects such as the \"Lebensphasenhaus\" in T\u00fcbingen, which deals with the topic of age-appropriate garden design and Smart Garden, as well as the organization of garden days with the topic of garden design in combination with sculpture and painting, expanded my experience and were part of my field of activity. With my admission to the Chamber of Architects (Baden-W\u00fcrttemberg) in 2016, the foundations for my independence were laid.<\/p>\n<!-- \/wp:paragraph -->\n\n<!-- wp:paragraph -->\n<p>And HERE I AM!<\/p>\n<!-- \/wp:paragraph --><\/div>\n<!-- \/wp:column -->\n\n<!-- wp:column {\"width\":\"33.33%\"} -->\n<div class=\"wp-block-column\" style=\"flex-basis:33.33%\"><\/div>\n<!-- \/wp:column --><\/div>\n<!-- \/wp:columns -->\n\n<!-- wp:columns -->\n<div class=\"wp-block-columns\"><!-- wp:column {\"width\":\"66.66%\"} -->\n<div class=\"wp-block-column\" style=\"flex-basis:66.66%\"><!-- wp:image {\"id\":3015,\"sizeSlug\":\"large\",\"linkDestination\":\"none\",\"className\":\"is-style-default\"} -->\n<figure class=\"wp-block-image size-large is-style-default\"><img src=\"https:\/\/dev.studio-diagonal.de\/wp-content\/uploads\/2016\/04\/sarah-richter_kl2.jpg\" alt=\"Landschaftsarchitektin Sarah Richter\" class=\"wp-image-3015\"\/><\/figure>\n<!-- \/wp:image -->\n\n<!-- wp:spacer {\"height\":50} -->\n<div style=\"height:50px\" aria-hidden=\"true\" class=\"wp-block-spacer\"><\/div>\n<!-- \/wp:spacer -->\n\n<!-- wp:heading {\"level\":1} -->\n<h1>Philosophy ...<\/h1>\n<!-- \/wp:heading -->\n\n<!-- wp:paragraph -->\n<p>To be vivid. Gardens live from textures, structures, colors and shapes. Strong lines, romantic places and moods, enchanted or modern.<\/p>\n<!-- \/wp:paragraph -->\n\n<!-- wp:paragraph -->\n<p>Garden and landscape architecture should enhance everyday life, form connections and show flexibility for what is there and what is to become. It offers variety and creates places where people come to rest, play, meet or become enchanted.<\/p>\n<!-- \/wp:paragraph -->\n\n<!-- wp:paragraph -->\n<p>Impressive designs, such as the Jewish Museum in Berlin, a building that allows history to be experienced in the flesh, or the Igualada Cemetery in Spain, by architect Enric Miralles, who, despite the presence of death, catches the loved one, have led me into another world that makes me forget everything else. For me, these models are wonderful examples of successful architecture.<\/p>\n<!-- \/wp:paragraph -->\n\n<!-- wp:paragraph -->\n<p>Places are telling stories and the important thing is to understand these stories and to tell them further...<\/p>\n<!-- \/wp:paragraph -->\n\n<!-- wp:paragraph -->\n<p>Selected projects can be found under: <a href=\"https:\/\/www.studio-diagonal.de\/en\/portfolio\/\">Portfolio<\/a><\/p>\n<!-- \/wp:paragraph --><\/div>\n<!-- \/wp:column -->\n\n<!-- wp:column {\"width\":\"33.33%\"} -->\n<div class=\"wp-block-column\" style=\"flex-basis:33.33%\"><\/div>\n<!-- \/wp:column --><\/div>\n<!-- \/wp:columns -->","_en_post_name":"","_en_post_excerpt":"","_en_post_title":"Landscape Architect","edit_language":"en","footnotes":""},"categories":[14],"tags":[25,54,22,101,69,100,99],"_links":{"self":[{"href":"https:\/\/www.studio-diagonal.de\/en\/wp-json\/wp\/v2\/posts\/1682"}],"collection":[{"href":"https:\/\/www.studio-diagonal.de\/en\/wp-json\/wp\/v2\/posts"}],"about":[{"href":"https:\/\/www.studio-diagonal.de\/en\/wp-json\/wp\/v2\/types\/post"}],"author":[{"embeddable":true,"href":"https:\/\/www.studio-diagonal.de\/en\/wp-json\/wp\/v2\/users\/2"}],"replies":[{"embeddable":true,"href":"https:\/\/www.studio-diagonal.de\/en\/wp-json\/wp\/v2\/comments?post=1682"}],"version-history":[{"count":0,"href":"https:\/\/www.studio-diagonal.de\/en\/wp-json\/wp\/v2\/posts\/1682\/revisions"}],"wp:featuredmedia":[{"embeddable":true,"href":"https:\/\/www.studio-diagonal.de\/en\/wp-json\/wp\/v2\/media\/3015"}],"wp:attachment":[{"href":"https:\/\/www.studio-diagonal.de\/en\/wp-json\/wp\/v2\/media?parent=1682"}],"wp:term":[{"taxonomy":"category","embeddable":true,"href":"https:\/\/www.studio-diagonal.de\/en\/wp-json\/wp\/v2\/categories?post=1682"},{"taxonomy":"post_tag","embeddable":true,"href":"https:\/\/www.studio-diagonal.de\/en\/wp-json\/wp\/v2\/tags?post=1682"}],"curies":[{"name":"wp","href":"https:\/\/api.w.org\/{rel}","templated":true}]}}