{"id":5582,"date":"2023-03-13T10:51:08","date_gmt":"2023-03-13T09:51:08","guid":{"rendered":"https:\/\/www.studio-diagonal.de\/?p=5582"},"modified":"2023-03-14T16:37:47","modified_gmt":"2023-03-14T15:37:47","slug":"","status":"publish","type":"post","link":"https:\/\/www.studio-diagonal.de\/en\/goenninger-kunstgarten\/","title":{"rendered":"","raw":""},"content":{"rendered":"","protected":false,"raw":""},"excerpt":{"rendered":"","protected":false,"raw":""},"author":2,"featured_media":5625,"comment_status":"open","ping_status":"open","sticky":false,"template":"","format":"standard","meta":{"_de_post_content":"<!-- wp:columns -->\n<div class=\"wp-block-columns\"><!-- wp:column {\"width\":\"66.66%\"} -->\n<div class=\"wp-block-column\" style=\"flex-basis:66.66%\"><!-- wp:image {\"id\":5628,\"sizeSlug\":\"full\",\"linkDestination\":\"none\",\"className\":\"is-style-default\"} -->\n<figure class=\"wp-block-image size-full is-style-default\"><img src=\"https:\/\/www.studio-diagonal.de\/wp-content\/uploads\/2023\/03\/20220921_103749-ws-2-1.jpg\" alt=\"\" class=\"wp-image-5628\"\/><figcaption class=\"wp-element-caption\">Kunstgarten mit Skulpturen aus Metall.<\/figcaption><\/figure>\n<!-- \/wp:image --><\/div>\n<!-- \/wp:column -->\n\n<!-- wp:column {\"width\":\"33.33%\"} -->\n<div class=\"wp-block-column\" style=\"flex-basis:33.33%\"><!-- wp:heading {\"level\":1} -->\n<h1>Gartenkunst im Kunstgarten.<\/h1>\n<!-- \/wp:heading -->\n\n<!-- wp:paragraph -->\n<p>Die Malerin Dagmar Kautt und der Metallk\u00fcnstler Wolfgang Walter er\u00f6ffneten im letzten Herbst Ihren Kunstgarten und erf\u00fcllten sich damit einen gro\u00dfen Traum. F\u00fcr die ehemalige Wiese hinter Ihrem Wohnhaus wurde ein Gartenkonzept entwickelt, dass unterschiedliche R\u00e4ume f\u00fcr Ihre Kunst bietet und sich gleichzeitig harmonisch in die umliegende Streuobstwiesenlandschaft einf\u00fcgt. Ein geschwungener Weg f\u00fchrt die BesucherInnen, zwischen knorrigen Obstb\u00e4umen und neugepflanzenten Solit\u00e4rgeh\u00f6lzen hindurch, macht die verschiedenen Gartenr\u00e4ume erlebar und erm\u00f6glicht vielf\u00e4ltige Blicke auf die ausgestellte Kunst. Zum Genie\u00dfen und Innehalten bieten ein gem\u00fctlicher Sitzplatz mit Feuerstelle oder die eigens entworfene Rosenpergola gen\u00fcgend M\u00f6glichkeiten.<\/p>\n<!-- \/wp:paragraph -->\n\n<!-- wp:paragraph -->\n<p>Entwurf &amp; Umsetzung: 2021 \/2022<br>Er\u00f6ffnung: September 2022<\/p>\n<!-- \/wp:paragraph --><\/div>\n<!-- \/wp:column --><\/div>\n<!-- \/wp:columns -->\n\n<!-- wp:columns -->\n<div class=\"wp-block-columns\"><!-- wp:column -->\n<div class=\"wp-block-column\"><!-- wp:image {\"id\":5619,\"sizeSlug\":\"full\",\"linkDestination\":\"none\",\"className\":\"is-style-default\"} -->\n<figure class=\"wp-block-image size-full is-style-default\"><img src=\"https:\/\/www.studio-diagonal.de\/wp-content\/uploads\/2023\/03\/20210906_112455-ws-2.jpg\" alt=\"\" class=\"wp-image-5619\"\/><figcaption class=\"wp-element-caption\">Skulptur im Garten.<\/figcaption><\/figure>\n<!-- \/wp:image --><\/div>\n<!-- \/wp:column -->\n\n<!-- wp:column -->\n<div class=\"wp-block-column\"><!-- wp:image {\"id\":5620,\"sizeSlug\":\"full\",\"linkDestination\":\"none\",\"className\":\"is-style-default\"} -->\n<figure class=\"wp-block-image size-full is-style-default\"><img src=\"https:\/\/www.studio-diagonal.de\/wp-content\/uploads\/2023\/03\/signal-2022-09-11-14-25-12-104-5-ws-2.jpg\" alt=\"\" class=\"wp-image-5620\"\/><figcaption class=\"wp-element-caption\">Malerei im Garten.<\/figcaption><\/figure>\n<!-- \/wp:image --><\/div>\n<!-- \/wp:column -->\n\n<!-- wp:column -->\n<div class=\"wp-block-column\"><!-- wp:image {\"id\":5621,\"sizeSlug\":\"full\",\"linkDestination\":\"none\",\"className\":\"is-style-default\"} -->\n<figure class=\"wp-block-image size-full is-style-default\"><img src=\"https:\/\/www.studio-diagonal.de\/wp-content\/uploads\/2023\/03\/20210906_114244-ws-2.jpg\" alt=\"\" class=\"wp-image-5621\"\/><figcaption class=\"wp-element-caption\">'Die Frau im Wind' aus Italien.<\/figcaption><\/figure>\n<!-- \/wp:image --><\/div>\n<!-- \/wp:column --><\/div>\n<!-- \/wp:columns -->\n\n<!-- wp:paragraph -->\n<p><\/p>\n<!-- \/wp:paragraph -->\n\n<!-- wp:gallery {\"linkTo\":\"none\"} -->\n<figure class=\"wp-block-gallery has-nested-images columns-default is-cropped\"><\/figure>\n<!-- \/wp:gallery -->\n\n<!-- wp:columns -->\n<div class=\"wp-block-columns\"><\/div>\n<!-- \/wp:columns -->\n\n<!-- wp:block {\"ref\":4254} \/-->","_de_post_name":"goenninger-kunstgarten","_de_post_excerpt":"","_de_post_title":"G\u00f6nninger Kunstgarten","_en_post_content":"","_en_post_name":"","_en_post_excerpt":"","_en_post_title":"","edit_language":"en","footnotes":""},"categories":[16],"tags":[],"_links":{"self":[{"href":"https:\/\/www.studio-diagonal.de\/en\/wp-json\/wp\/v2\/posts\/5582"}],"collection":[{"href":"https:\/\/www.studio-diagonal.de\/en\/wp-json\/wp\/v2\/posts"}],"about":[{"href":"https:\/\/www.studio-diagonal.de\/en\/wp-json\/wp\/v2\/types\/post"}],"author":[{"embeddable":true,"href":"https:\/\/www.studio-diagonal.de\/en\/wp-json\/wp\/v2\/users\/2"}],"replies":[{"embeddable":true,"href":"https:\/\/www.studio-diagonal.de\/en\/wp-json\/wp\/v2\/comments?post=5582"}],"version-history":[{"count":4,"href":"https:\/\/www.studio-diagonal.de\/en\/wp-json\/wp\/v2\/posts\/5582\/revisions"}],"predecessor-version":[{"id":5684,"href":"https:\/\/www.studio-diagonal.de\/en\/wp-json\/wp\/v2\/posts\/5582\/revisions\/5684"}],"wp:featuredmedia":[{"embeddable":true,"href":"https:\/\/www.studio-diagonal.de\/en\/wp-json\/wp\/v2\/media\/5625"}],"wp:attachment":[{"href":"https:\/\/www.studio-diagonal.de\/en\/wp-json\/wp\/v2\/media?parent=5582"}],"wp:term":[{"taxonomy":"category","embeddable":true,"href":"https:\/\/www.studio-diagonal.de\/en\/wp-json\/wp\/v2\/categories?post=5582"},{"taxonomy":"post_tag","embeddable":true,"href":"https:\/\/www.studio-diagonal.de\/en\/wp-json\/wp\/v2\/tags?post=5582"}],"curies":[{"name":"wp","href":"https:\/\/api.w.org\/{rel}","templated":true}]}}